{"id":1724,"date":"2018-06-11T18:08:26","date_gmt":"2018-06-11T18:08:26","guid":{"rendered":"http:\/\/hibridoliterario.com\/sitio\/?p=1724"},"modified":"2018-07-09T22:58:20","modified_gmt":"2018-07-10T03:58:20","slug":"porfirio-mamani-macedo","status":"publish","type":"post","link":"https:\/\/hibridoliterario.com\/sitio\/?p=1724","title":{"rendered":"Porfirio Mamani Macedo"},"content":{"rendered":"<p>(Per\u00fa,19__)<br \/>\nHa publicado poes\u00eda y narrativa, tiene en su haber varios libros y antolog\u00edas entre los que citamos: Ecos de la Memoria, ediciones Yarav\u00ed, Lima-Peru 1988, Les Vigies\u00bb, Editions L&#8217;Harmattan, Paris. 1997, Le Jardin et l&#8217;oubli\u00bb, Editions L&#8217;Harmattan, Paris, 2002. Entre otros. Actualmente reside en Paris, Francia, en donde est\u00e1 estudiando un doctorado en Letras.<\/p>\n<blockquote><p>LLUVIA DESPUES DE MI CAIDA<\/p>\n<p style=\"padding-left: 30px;\">Para mi hija Alba Ondina Manuela<\/p>\n<p>Cae lluvia m\u00eda,<br \/>\ntres d\u00edas y tres noches,<br \/>\nlluvia m\u00eda.<br \/>\nCae como trueno<br \/>\nsobre los ojos de los desgraciados.<br \/>\nCae lluvia sobre las calles de Par\u00eds,<br \/>\npor estas que camino,<br \/>\nenlodado hasta mis codos.<br \/>\nCae para que arrastres en tu piel<br \/>\nla miseria que todos respiramos.<br \/>\nCae para sentir fresca la ma\u00f1ana.<br \/>\nCae para que vuelvan a sonar los r\u00edos,<br \/>\npara que se abran las noches,<br \/>\npara que yo vuelva a mirar los ojos de la gente<br \/>\ny mis hombros soporten sin dolor<br \/>\nla pena,<br \/>\nesta cosa que veo en cada pecho,<br \/>\nhoy que camino entre dudas por esta orilla.<br \/>\nCae humana lluvia<br \/>\npara borrar mis huellas y mi nombre,<br \/>\npara cerrar mis ojos a la historia.<br \/>\nCae lluvia m\u00eda como un recuerdo<br \/>\nno vivido,<br \/>\ncomo un sue\u00f1o tanto tiempo ya esperado,<br \/>\ncomo tierna melod\u00eda en este viaje.<br \/>\nCae lluvia m\u00eda para abrazar tu piel<br \/>\ncuando me mojes gota a gota.<br \/>\nCae para limpiar el aire oscuro,<br \/>\naquel que brilla detr\u00e1s de cada puerta.<br \/>\nCae como una enfurecida ola,<br \/>\npara limpiar mis ojos<br \/>\ny las sombras de mis ojos.<br \/>\nAqu\u00ed te espero junto a una piedra,<br \/>\ndesde aqu\u00ed te ver\u00e9 llegar,<br \/>\ncomo un divino laberinto,<br \/>\nabrazando entre las ramas<br \/>\nlas noches que acogieron a mis ojos.<br \/>\nNo m\u00e1s oreja ni ojo<br \/>\nen el umbral de mi ca\u00edda,<br \/>\nni palabras que me hieran como espadas.<br \/>\nBorrar quisiera las nubes de mis ojos.<br \/>\nAlejar quisiera la pena de los desgraciados.<br \/>\nAll\u00e1 van como sombras sin destino.<br \/>\nPor all\u00ed asoman sus flacos rostros desamados<br \/>\na la aurora que vuelve a despertar sus ojos.<br \/>\nSeres que del sol vienen huyendo.<br \/>\nSeres que la lluvia acoge como hijos.<br \/>\nAlmas que florecer\u00e1n en alguna parte.<br \/>\nR\u00edos que irrigar\u00e1n otros amores olvidados.<br \/>\nCae lluvia para incendiar mi pecho.<br \/>\nCae lluvia m\u00eda,<br \/>\ntres noches y sus d\u00edas,<br \/>\npara sentirte cuando duermo<br \/>\nagotado,<br \/>\nsin mirar por la ventana,<br \/>\nel sol que nunca llegar\u00e1.<br \/>\nS\u00f3lo t\u00fa, lluvia m\u00eda,<br \/>\nconducir\u00e1s los recuerdos de los desgraciados<br \/>\npor los m\u00e1s estrechos caminos<br \/>\nque te ofrecer\u00e1 el viento miserable.<br \/>\nNo son s\u00f3lo l\u00e1grimas<br \/>\nlo que del cielo nos ofrece la desventura,<br \/>\nes tambi\u00e9n la pena,<br \/>\nde una voz que nadie escucha.<br \/>\nPero t\u00fa,<br \/>\nlluvia que te posas en mis ojos como un sue\u00f1o,<br \/>\nlluvia que fecundas la tierra sin dolor,<br \/>\nlluvia, sustento de todo lo que existe,<br \/>\nll\u00e9vate esta pena como herencia de todo lo vivido.<br \/>\nLluvia, alma de mis ojos en la noche.<br \/>\nLluvia, peregrina del desierto,<br \/>\ncae como un rayo en mi camino,<br \/>\ncae y vuelve a caer,<br \/>\npara sentir el olor de la tierra,<br \/>\npara sentir el frescor olvidado de la hierba,<br \/>\nel sonido de cada paso que damos en la duda.<br \/>\nCae sobre las noches que imploran en secreto,<br \/>\nlas voces de los desgraciados,<br \/>\naquellos que sue\u00f1an con un \u00e1rbol,<br \/>\naquellos que nunca han sido amados,<br \/>\naquellos que en la mirada llevan una herida.<br \/>\nH\u00fandete en la piel de cada cosa,<br \/>\nen cada cosa imaginada,<br \/>\nen cada piel meditabunda.<br \/>\nPero cae sobre los bosques,<br \/>\nsobre los cristales de los bosques<br \/>\npara o\u00edrte cuando pases<br \/>\ny humedecer mi rostro en el camino.<br \/>\nAll\u00e1 van distanciadas<br \/>\nunas de otras las voces de los desgraciados<br \/>\nrepitiendo sus nombres en los valles<br \/>\ncomo lamentos de almas penitentes.<br \/>\nCae por ellos, lluvia m\u00eda<br \/>\npara acompa\u00f1ar su silencio y su dolor<br \/>\nentre tanto ruido<br \/>\nque hace la despiadada gente.<br \/>\nCae lluvia m\u00eda.<br \/>\nCae como un milagro,<br \/>\ntres d\u00edas y tres noches,<br \/>\nLluvia m\u00eda.<br \/>\nPar\u00eds: 4\/4\/01<\/p><\/blockquote>\n","protected":false},"excerpt":{"rendered":"<p>(Per\u00fa,19__) Ha publicado poes\u00eda y narrativa, tiene en su haber varios libros y antolog\u00edas entre los que citamos: Ecos de la Memoria, ediciones Yarav\u00ed, Lima-Peru 1988, Les Vigies\u00bb, Editions L&#8217;Harmattan, Paris. 1997, Le Jardin et l&#8217;oubli\u00bb, Editions L&#8217;Harmattan, Paris, 2002. Entre otros. Actualmente reside en Paris, Francia, en donde est\u00e1 estudiando un doctorado en Letras. LLUVIA DESPUES DE MI CAIDA&#8230;<\/p>\n","protected":false},"author":1,"featured_media":1839,"comment_status":"closed","ping_status":"closed","sticky":false,"template":"","format":"standard","meta":{"footnotes":""},"categories":[3],"tags":[15],"class_list":{"0":"post-1724","1":"post","2":"type-post","3":"status-publish","4":"format-standard","5":"has-post-thumbnail","7":"category-poesia","8":"tag-peru"},"_links":{"self":[{"href":"https:\/\/hibridoliterario.com\/sitio\/index.php?rest_route=\/wp\/v2\/posts\/1724","targetHints":{"allow":["GET"]}}],"collection":[{"href":"https:\/\/hibridoliterario.com\/sitio\/index.php?rest_route=\/wp\/v2\/posts"}],"about":[{"href":"https:\/\/hibridoliterario.com\/sitio\/index.php?rest_route=\/wp\/v2\/types\/post"}],"author":[{"embeddable":true,"href":"https:\/\/hibridoliterario.com\/sitio\/index.php?rest_route=\/wp\/v2\/users\/1"}],"replies":[{"embeddable":true,"href":"https:\/\/hibridoliterario.com\/sitio\/index.php?rest_route=%2Fwp%2Fv2%2Fcomments&post=1724"}],"version-history":[{"count":1,"href":"https:\/\/hibridoliterario.com\/sitio\/index.php?rest_route=\/wp\/v2\/posts\/1724\/revisions"}],"predecessor-version":[{"id":1725,"href":"https:\/\/hibridoliterario.com\/sitio\/index.php?rest_route=\/wp\/v2\/posts\/1724\/revisions\/1725"}],"wp:featuredmedia":[{"embeddable":true,"href":"https:\/\/hibridoliterario.com\/sitio\/index.php?rest_route=\/wp\/v2\/media\/1839"}],"wp:attachment":[{"href":"https:\/\/hibridoliterario.com\/sitio\/index.php?rest_route=%2Fwp%2Fv2%2Fmedia&parent=1724"}],"wp:term":[{"taxonomy":"category","embeddable":true,"href":"https:\/\/hibridoliterario.com\/sitio\/index.php?rest_route=%2Fwp%2Fv2%2Fcategories&post=1724"},{"taxonomy":"post_tag","embeddable":true,"href":"https:\/\/hibridoliterario.com\/sitio\/index.php?rest_route=%2Fwp%2Fv2%2Ftags&post=1724"}],"curies":[{"name":"wp","href":"https:\/\/api.w.org\/{rel}","templated":true}]}}